{"id":82,"date":"2022-03-20T09:45:35","date_gmt":"2022-03-20T08:45:35","guid":{"rendered":"https:\/\/scolabox.fr\/eurekamaths\/?page_id=82"},"modified":"2025-02-20T14:40:48","modified_gmt":"2025-02-20T13:40:48","slug":"la-semaine-des-mathematiques-2022","status":"publish","type":"post","link":"https:\/\/eurekamaths.fr\/wpe\/index.php\/2022\/03\/20\/la-semaine-des-mathematiques-2022\/","title":{"rendered":"La semaine des math\u00e9matiques 2022"},"content":{"rendered":"\r\n<p>La Semaine des math\u00e9matiques s&rsquo;est tenue du 7 au 14 mars 2022 avec le th\u00e8me \u00ab <a href=\"https:\/\/www.education.gouv.fr\/la-semaine-des-mathematiques-7241\" rel=\"external\">Math\u00e9matiques en forme(s)<\/a>\u00a0\u00bb.<\/p>\r\n<p>Eur\u00eakamaths a diffus\u00e9 dans ce cadre une \u00e9nigme par jour, du lundi 7 au vendredi 11 mars sur son site et sur <a  href=\"https:\/\/twitter.com\/DefiEurekaMaths\" rel=\"external\">Twitter<\/a> avec les mots-di\u00e8se <a  href=\"https:\/\/twitter.com\/hashtag\/Eur%C3%AAkaMaths?src=hashtag_click\" rel=\"external\">#Eur\u00eakamaths<\/a> ou <a href=\"https:\/\/twitter.com\/hashtag\/SemaineDesMaths?src=hashtag_click\" rel=\"external\">#SemaineDesMaths<\/a> ou <a href=\"https:\/\/twitter.com\/hashtag\/1%C3%A9nigmeparjour?src=hashtag_click\" rel=\"external\">#1\u00e9nigmeparjour<\/a>.<\/p>\r\n<p><br\/>R\u00e9solvez ces \u00e9nigmes dans l\u2019esprit Eur\u00eakamaths\u00a0: la classe enti\u00e8re doit se mettre d\u2019accord sur une solution\u00a0!<\/p>\r\n<p><!--more--><\/p>\r\n<h3>Les \u00e9nigmes<\/h3>\r\n<table style=\"border-collapse: collapse; width: 100%; height: 130px;\">\r\n<tbody>\r\n<tr style=\"height: 26px;\">\r\n<td style=\"width: 17.9762%; text-align: center; height: 26px;\"><strong>LUNDI<\/strong><\/td>\r\n<td style=\"width: 82.0237%; height: 26px;\" colspan=\"2\"><a href=\"https:\/\/www.mathsenvie.fr\/?attachment_id=11426\" rel=\"attachment wp-att-11426\"><img loading=\"lazy\" decoding=\"async\" class=\"aligncenter size-full wp-image-11426\" src=\"https:\/\/www.mathsenvie.fr\/wp-content\/uploads\/2022\/03\/SDMaths-2022-Enigme-1-Cube-Vdef.png\" alt=\"\" width=\"542\" height=\"241\" \/><\/a><\/td>\r\n<\/tr>\r\n<tr style=\"height: 26px;\">\r\n<td style=\"width: 17.9762%; text-align: center; height: 26px;\"><strong>MARDI<\/strong><\/td>\r\n<td style=\"width: 82.0237%; height: 26px;\" colspan=\"2\"><a href=\"https:\/\/www.mathsenvie.fr\/?attachment_id=11455\" rel=\"attachment wp-att-11455\"><img loading=\"lazy\" decoding=\"async\" class=\"aligncenter size-full wp-image-11455\" src=\"https:\/\/www.mathsenvie.fr\/wp-content\/uploads\/2022\/03\/SDMaths-2022-Enigme-2-les-formes-Vdef.png\" alt=\"\" width=\"541\" height=\"240\" \/><\/a><\/td>\r\n<\/tr>\r\n<tr style=\"height: 26px;\">\r\n<td style=\"width: 17.9762%; text-align: center; height: 26px;\"><strong>MERCREDI<\/strong><\/td>\r\n<td style=\"width: 48.6904%; height: 26px;\" colspan=\"2\"><a href=\"https:\/\/www.mathsenvie.fr\/?attachment_id=11456\" rel=\"attachment wp-att-11456\"><img loading=\"lazy\" decoding=\"async\" class=\"aligncenter size-full wp-image-11456\" src=\"https:\/\/www.mathsenvie.fr\/wp-content\/uploads\/2022\/03\/SDMaths-2022-Enigme-3-les-cubes-cache\u2560us.Vdef_.png\" alt=\"\" width=\"542\" height=\"242\" \/><\/a><\/td>\r\n<\/tr>\r\n<tr style=\"height: 26px;\">\r\n<td style=\"width: 17.9762%; text-align: center; height: 26px;\"><strong>JEUDI<\/strong><\/td>\r\n<td style=\"width: 48.6904%; height: 26px; text-align: center;\" colspan=\"2\"><a href=\"https:\/\/www.mathsenvie.fr\/?attachment_id=11465\" rel=\"attachment wp-att-11465\"><img loading=\"lazy\" decoding=\"async\" class=\"aligncenter size-full wp-image-11465\" src=\"https:\/\/www.mathsenvie.fr\/wp-content\/uploads\/2022\/03\/SDMaths-2022-Enigme-4-Sudoku-des-formes-Vdef.png\" alt=\"\" width=\"540\" height=\"239\" \/><\/a><\/td>\r\n<\/tr>\r\n<tr style=\"height: 26px;\">\r\n<td style=\"width: 17.9762%; text-align: center; height: 26px;\"><strong>VENDREDI<\/strong><\/td>\r\n<td style=\"width: 48.6904%; height: 26px;\" colspan=\"2\"><a href=\"https:\/\/www.mathsenvie.fr\/?attachment_id=11457\" rel=\"attachment wp-att-11457\"><img loading=\"lazy\" decoding=\"async\" class=\"aligncenter size-full wp-image-11457\" src=\"https:\/\/www.mathsenvie.fr\/wp-content\/uploads\/2022\/03\/SDMaths-2022-Enigme-5-lentrai\u2560enement-cross-Vdef.png\" alt=\"\" width=\"541\" height=\"240\" \/><\/a><\/td>\r\n<\/tr>\r\n<\/tbody>\r\n<\/table>\r\n<p>&nbsp;<\/p>\r\n<h3>Les r\u00e9ponses aux \u00e9nigmes<\/h3>\r\n<table style=\"border-collapse: collapse; width: 100%;\">\r\n<tbody>\r\n<tr>\r\n<td style=\"width: 18.2143%; text-align: center;\"><strong>LUNDI<\/strong><\/td>\r\n<td style=\"width: 81.7857%;\"><a href=\"https:\/\/www.mathsenvie.fr\/?attachment_id=11458\" rel=\"attachment wp-att-11458\"><img loading=\"lazy\" decoding=\"async\" class=\"aligncenter size-full wp-image-11458\" src=\"https:\/\/www.mathsenvie.fr\/wp-content\/uploads\/2022\/03\/SDMaths-2022-Enigme-1-Cube-Vdef.rep_.png\" alt=\"\" width=\"542\" height=\"241\" \/><\/a><\/td>\r\n<\/tr>\r\n<tr>\r\n<td style=\"width: 18.2143%; text-align: center;\"><strong>MARDI<\/strong><\/td>\r\n<td style=\"width: 81.7857%;\"><a href=\"https:\/\/www.mathsenvie.fr\/?attachment_id=11459\" rel=\"attachment wp-att-11459\"><img loading=\"lazy\" decoding=\"async\" class=\"aligncenter size-full wp-image-11459\" src=\"https:\/\/www.mathsenvie.fr\/wp-content\/uploads\/2022\/03\/SDMaths-2022-Enigme-2-les-formes-Vdef.rep_.png\" alt=\"\" width=\"541\" height=\"240\" \/><\/a><\/td>\r\n<\/tr>\r\n<tr>\r\n<td style=\"width: 18.2143%; text-align: center;\"><strong>MERCREDI<\/strong><\/td>\r\n<td style=\"width: 81.7857%;\"><a href=\"https:\/\/www.mathsenvie.fr\/?attachment_id=11453\" rel=\"attachment wp-att-11453\"><img loading=\"lazy\" decoding=\"async\" class=\"aligncenter size-full wp-image-11453\" src=\"https:\/\/www.mathsenvie.fr\/wp-content\/uploads\/2022\/03\/SDMaths-2022-Enigme-3-les-cubes-cache\u0301s.Vdef_.rep_.png\" alt=\"\" width=\"542\" height=\"242\" \/><\/a><\/td>\r\n<\/tr>\r\n<tr>\r\n<td style=\"width: 18.2143%; text-align: center;\"><strong>JEUDI<\/strong><\/td>\r\n<td style=\"width: 81.7857%; text-align: center;\"><a href=\"https:\/\/www.mathsenvie.fr\/?attachment_id=11460\" rel=\"attachment wp-att-11460\"><img loading=\"lazy\" decoding=\"async\" class=\"aligncenter size-full wp-image-11460\" src=\"https:\/\/www.mathsenvie.fr\/wp-content\/uploads\/2022\/03\/SDMaths-2022-Enigme-4-Sudoku-des-formes.rep_.png\" alt=\"\" width=\"542\" height=\"242\" \/><\/a><\/td>\r\n<\/tr>\r\n<tr>\r\n<td style=\"width: 18.2143%; text-align: center;\"><strong>VENDREDI<\/strong><\/td>\r\n<td style=\"width: 81.7857%; text-align: center;\"><a href=\"https:\/\/www.mathsenvie.fr\/?attachment_id=11461\" rel=\"attachment wp-att-11461\"><img loading=\"lazy\" decoding=\"async\" class=\"aligncenter size-full wp-image-11461\" src=\"https:\/\/www.mathsenvie.fr\/wp-content\/uploads\/2022\/03\/SDMaths-2022-Enigme-5-lentrai\u2560enement-cross-Vdef.rep_.png\" alt=\"\" width=\"541\" height=\"240\" \/><\/a><\/td>\r\n<\/tr>\r\n<\/tbody>\r\n<\/table>\r\n<p>&nbsp;<\/p>\r\n","protected":false},"excerpt":{"rendered":"","protected":false},"author":4721,"featured_media":0,"comment_status":"closed","ping_status":"closed","sticky":false,"template":"","format":"standard","meta":{"_jetpack_memberships_contains_paid_content":false,"footnotes":""},"categories":[5,6],"tags":[],"class_list":["post-82","post","type-post","status-publish","format-standard","hentry","category-archives","category-semaine-des-mathematiques"],"jetpack_featured_media_url":"","jetpack_sharing_enabled":true,"publishpress_future_action":{"enabled":false,"date":"2026-05-08 00:59:09","action":"change-status","newStatus":"draft","terms":[],"taxonomy":"category","extraData":[]},"publishpress_future_workflow_manual_trigger":{"enabledWorkflows":[]},"_links":{"self":[{"href":"https:\/\/eurekamaths.fr\/wpe\/index.php\/wp-json\/wp\/v2\/posts\/82","targetHints":{"allow":["GET"]}}],"collection":[{"href":"https:\/\/eurekamaths.fr\/wpe\/index.php\/wp-json\/wp\/v2\/posts"}],"about":[{"href":"https:\/\/eurekamaths.fr\/wpe\/index.php\/wp-json\/wp\/v2\/types\/post"}],"author":[{"embeddable":true,"href":"https:\/\/eurekamaths.fr\/wpe\/index.php\/wp-json\/wp\/v2\/users\/4721"}],"replies":[{"embeddable":true,"href":"https:\/\/eurekamaths.fr\/wpe\/index.php\/wp-json\/wp\/v2\/comments?post=82"}],"version-history":[{"count":5,"href":"https:\/\/eurekamaths.fr\/wpe\/index.php\/wp-json\/wp\/v2\/posts\/82\/revisions"}],"predecessor-version":[{"id":500,"href":"https:\/\/eurekamaths.fr\/wpe\/index.php\/wp-json\/wp\/v2\/posts\/82\/revisions\/500"}],"wp:attachment":[{"href":"https:\/\/eurekamaths.fr\/wpe\/index.php\/wp-json\/wp\/v2\/media?parent=82"}],"wp:term":[{"taxonomy":"category","embeddable":true,"href":"https:\/\/eurekamaths.fr\/wpe\/index.php\/wp-json\/wp\/v2\/categories?post=82"},{"taxonomy":"post_tag","embeddable":true,"href":"https:\/\/eurekamaths.fr\/wpe\/index.php\/wp-json\/wp\/v2\/tags?post=82"}],"curies":[{"name":"wp","href":"https:\/\/api.w.org\/{rel}","templated":true}]}}