{"id":3216,"date":"2026-03-11T10:52:24","date_gmt":"2026-03-11T09:52:24","guid":{"rendered":"https:\/\/eurekamaths.fr\/wpe\/?p=3216"},"modified":"2026-03-16T08:17:05","modified_gmt":"2026-03-16T07:17:05","slug":"bientot-la-semaine-des-mathematiques-2026","status":"publish","type":"post","link":"https:\/\/eurekamaths.fr\/wpe\/index.php\/2026\/03\/11\/bientot-la-semaine-des-mathematiques-2026\/","title":{"rendered":"Semaine des math\u00e9matiques 2026"},"content":{"rendered":"<div dir=\"auto\">A l&rsquo;occasion de la\u00a0<b>Semaine des math\u00e9matiques 2026<\/b> qui se d\u00e9roule au mois de mars 2026, Eur\u00eakaMaths propose :<\/div>\n<ul>\n<li>le dispositif\u00a0<b><i>une \u00e9nigme par jour<\/i><\/b>\u00a0pour les classes\u00a0<b>CM1, CM2, 6e et 5e du lundi 16 au vendredi 20 mars 2026<\/b>.<br \/>\nLes \u00e9nigmes seront diffus\u00e9es sur notre\u00a0site, menu <a href=\"https:\/\/eurekamaths.fr\/wpe\/index.php\/semaine-des-mathematiques-2026\/\">Semaine des math\u00e9matiques 2026<\/a> et sur les r\u00e9seaux <a href=\"https:\/\/bsky.app\/profile\/did:plc:ihw4tmevcvqwrtjx2kjike5s\" target=\"_blank\" rel=\"noopener\" data-saferedirecturl=\"https:\/\/www.google.com\/url?q=https:\/\/bsky.app\/profile\/did:plc:ihw4tmevcvqwrtjx2kjike5s&amp;source=gmail&amp;ust=1773309007138000&amp;usg=AOvVaw2BPbH0FqH4jboIKh90KWHk\">Bluesky<\/a>,\u00a0<a href=\"https:\/\/x.com\/DefiEurekaMaths\" target=\"_blank\" rel=\"noopener\" data-saferedirecturl=\"https:\/\/www.google.com\/url?q=https:\/\/x.com\/DefiEurekaMaths&amp;source=gmail&amp;ust=1773309007138000&amp;usg=AOvVaw0zaK-iaPn5kArUnIV5OPzL\">X (ex-Twitter)<\/a>,\u00a0<a href=\"https:\/\/www.instagram.com\/eurekamaths38\/?e=8f94bf83-e98d-4d75-93c3-a23a97371f9f&amp;g=5\" target=\"_blank\" rel=\"noopener\" data-saferedirecturl=\"https:\/\/www.google.com\/url?q=https:\/\/www.instagram.com\/eurekamaths38\/?e%3D8f94bf83-e98d-4d75-93c3-a23a97371f9f%26g%3D5&amp;source=gmail&amp;ust=1773309007138000&amp;usg=AOvVaw34VioYXN4kZH-TvBi2QzFv\">Instagram<\/a>.<br \/>\nSur notre site, il sera possible d&rsquo;envoyer la r\u00e9ponse \u00e0 l&rsquo;\u00e9nigme et de recevoir\u00a0en retour la correction ;<\/li>\n<li><b><i>l&rsquo;\u00e9preuve 3<\/i><\/b>\u00a0compos\u00e9e de 10 probl\u00e8mes que les \u00e9l\u00e8ves devront r\u00e9soudre ensemble en une heure pour les classes CM1, CM2 et 6e.<\/li>\n<\/ul>\n<div dir=\"auto\">Rejoignez vite les classes inscrites au concours Eur\u00eakaMaths 2026, d\u00e9j\u00e0 + de 40000 \u00e9l\u00e8ves inscrits !<\/div>\n","protected":false},"excerpt":{"rendered":"<p>A l&rsquo;occasion de la\u00a0Semaine des math\u00e9matiques 2026 qui se d\u00e9roule au mois de mars 2026, Eur\u00eakaMaths propose : le dispositif\u00a0une \u00e9nigme par jour\u00a0pour les classes\u00a0CM1, CM2, 6e et 5e du lundi 16 au vendredi 20 mars 2026. Les \u00e9nigmes seront diffus\u00e9es sur notre\u00a0site, menu Semaine des math\u00e9matiques 2026 et sur les r\u00e9seaux Bluesky,\u00a0X (ex-Twitter),\u00a0Instagram. Sur &#8230; <a title=\"Semaine des math\u00e9matiques 2026\" class=\"read-more\" href=\"https:\/\/eurekamaths.fr\/wpe\/index.php\/2026\/03\/11\/bientot-la-semaine-des-mathematiques-2026\/\" aria-label=\"En savoir plus sur Semaine des math\u00e9matiques 2026\">Lire la suite<\/a><\/p>\n","protected":false},"author":968,"featured_media":0,"comment_status":"closed","ping_status":"closed","sticky":false,"template":"","format":"standard","meta":{"_jetpack_memberships_contains_paid_content":false,"footnotes":""},"categories":[4],"tags":[],"class_list":["post-3216","post","type-post","status-publish","format-standard","hentry","category-actualites"],"jetpack_featured_media_url":"","jetpack_sharing_enabled":true,"publishpress_future_action":{"enabled":false,"date":"2026-05-03 15:05:47","action":"change-status","newStatus":"draft","terms":[],"taxonomy":"category","extraData":[]},"publishpress_future_workflow_manual_trigger":{"enabledWorkflows":[]},"_links":{"self":[{"href":"https:\/\/eurekamaths.fr\/wpe\/index.php\/wp-json\/wp\/v2\/posts\/3216","targetHints":{"allow":["GET"]}}],"collection":[{"href":"https:\/\/eurekamaths.fr\/wpe\/index.php\/wp-json\/wp\/v2\/posts"}],"about":[{"href":"https:\/\/eurekamaths.fr\/wpe\/index.php\/wp-json\/wp\/v2\/types\/post"}],"author":[{"embeddable":true,"href":"https:\/\/eurekamaths.fr\/wpe\/index.php\/wp-json\/wp\/v2\/users\/968"}],"replies":[{"embeddable":true,"href":"https:\/\/eurekamaths.fr\/wpe\/index.php\/wp-json\/wp\/v2\/comments?post=3216"}],"version-history":[{"count":3,"href":"https:\/\/eurekamaths.fr\/wpe\/index.php\/wp-json\/wp\/v2\/posts\/3216\/revisions"}],"predecessor-version":[{"id":3227,"href":"https:\/\/eurekamaths.fr\/wpe\/index.php\/wp-json\/wp\/v2\/posts\/3216\/revisions\/3227"}],"wp:attachment":[{"href":"https:\/\/eurekamaths.fr\/wpe\/index.php\/wp-json\/wp\/v2\/media?parent=3216"}],"wp:term":[{"taxonomy":"category","embeddable":true,"href":"https:\/\/eurekamaths.fr\/wpe\/index.php\/wp-json\/wp\/v2\/categories?post=3216"},{"taxonomy":"post_tag","embeddable":true,"href":"https:\/\/eurekamaths.fr\/wpe\/index.php\/wp-json\/wp\/v2\/tags?post=3216"}],"curies":[{"name":"wp","href":"https:\/\/api.w.org\/{rel}","templated":true}]}}